{"id":10619,"date":"2020-02-11T09:33:16","date_gmt":"2020-02-11T12:33:16","guid":{"rendered":"https:\/\/saloanoticias.com\/v1\/?p=10619"},"modified":"2020-02-11T09:33:18","modified_gmt":"2020-02-11T12:33:18","slug":"projeto-gerando-vidas-realiza-palestra-com-gestante-em-saloa","status":"publish","type":"post","link":"https:\/\/www.saloanoticias.com\/v1\/projeto-gerando-vidas-realiza-palestra-com-gestante-em-saloa\/","title":{"rendered":"&#8220;PROJETO GERANDO VIDAS&#8221; REALIZA PALESTRA COM GESTANTE EM SALO\u00c1"},"content":{"rendered":"\n<div class=\"wp-block-image\"><figure class=\"aligncenter size-large\"><img loading=\"lazy\" decoding=\"async\" width=\"873\" height=\"599\" src=\"https:\/\/saloanoticias.com\/v1\/wp-content\/uploads\/2020\/02\/gerando-vidas-saloa-noticias.jpeg\" alt=\"\" class=\"wp-image-10620\" srcset=\"https:\/\/www.saloanoticias.com\/v1\/wp-content\/uploads\/2020\/02\/gerando-vidas-saloa-noticias.jpeg 873w, https:\/\/www.saloanoticias.com\/v1\/wp-content\/uploads\/2020\/02\/gerando-vidas-saloa-noticias-300x206.jpeg 300w, https:\/\/www.saloanoticias.com\/v1\/wp-content\/uploads\/2020\/02\/gerando-vidas-saloa-noticias-768x527.jpeg 768w\" sizes=\"auto, (max-width: 873px) 100vw, 873px\" \/><\/figure><\/div>\n\n\n\n<p class=\"wp-block-paragraph\">A Prefeitura de Salo\u00e1\/PE, atrav\u00e9s das Secretarias de Sa\u00fade e Assist\u00eancia Social, realiz\u00e1 na pr\u00f3xima quinta-feira (13), a partir das 8h30m, no Centro de Conviv\u00eancia de Idosos (CCI), um encontro para todas gestantes cadastradas no \u201cProjeto Gerando Vidas\u201d. O encontro ser\u00e1 ministrado pela Enfermeira, Ja\u00edsa Areias que trar\u00e1 o tema: \u201cA Import\u00e2ncia do Pr\u00e9-natal\u201d. \u00c9 mais uma forma de conscientizar e manter informadas as gestantes do nosso munic\u00edpio.<\/p>\n\n\n\n<div class=\"wp-block-image\"><figure class=\"aligncenter size-large\"><img loading=\"lazy\" decoding=\"async\" width=\"456\" height=\"523\" src=\"https:\/\/saloanoticias.com\/v1\/wp-content\/uploads\/2020\/02\/jaisa-areias-enfermeira.jpg\" alt=\"\" class=\"wp-image-10621\" srcset=\"https:\/\/www.saloanoticias.com\/v1\/wp-content\/uploads\/2020\/02\/jaisa-areias-enfermeira.jpg 456w, https:\/\/www.saloanoticias.com\/v1\/wp-content\/uploads\/2020\/02\/jaisa-areias-enfermeira-262x300.jpg 262w\" sizes=\"auto, (max-width: 456px) 100vw, 456px\" \/><\/figure><\/div>\n<div style=\"margin-top: 0px; margin-bottom: 0px;\" class=\"sharethis-inline-share-buttons\" ><\/div>","protected":false},"excerpt":{"rendered":"<p>A Prefeitura de Salo\u00e1\/PE, atrav\u00e9s das Secretarias de Sa\u00fade e Assist\u00eancia Social, realiz\u00e1 na pr\u00f3xima quinta-feira (13), a partir das 8h30m, no Centro de Conviv\u00eancia de Idosos (CCI), um encontro para todas gestantes cadastradas no \u201cProjeto Gerando Vidas\u201d. O encontro ser\u00e1 ministrado pela Enfermeira, Ja\u00edsa Areias que trar\u00e1 o tema: \u201cA Import\u00e2ncia do Pr\u00e9-natal\u201d. \u00c9 [&hellip;]<\/p>\n","protected":false},"author":1,"featured_media":10620,"comment_status":"open","ping_status":"open","sticky":false,"template":"","format":"standard","meta":{"footnotes":""},"categories":[2],"tags":[],"class_list":["post-10619","post","type-post","status-publish","format-standard","has-post-thumbnail","hentry","category-noticias-do-dia"],"_links":{"self":[{"href":"https:\/\/www.saloanoticias.com\/v1\/wp-json\/wp\/v2\/posts\/10619","targetHints":{"allow":["GET"]}}],"collection":[{"href":"https:\/\/www.saloanoticias.com\/v1\/wp-json\/wp\/v2\/posts"}],"about":[{"href":"https:\/\/www.saloanoticias.com\/v1\/wp-json\/wp\/v2\/types\/post"}],"author":[{"embeddable":true,"href":"https:\/\/www.saloanoticias.com\/v1\/wp-json\/wp\/v2\/users\/1"}],"replies":[{"embeddable":true,"href":"https:\/\/www.saloanoticias.com\/v1\/wp-json\/wp\/v2\/comments?post=10619"}],"version-history":[{"count":2,"href":"https:\/\/www.saloanoticias.com\/v1\/wp-json\/wp\/v2\/posts\/10619\/revisions"}],"predecessor-version":[{"id":10623,"href":"https:\/\/www.saloanoticias.com\/v1\/wp-json\/wp\/v2\/posts\/10619\/revisions\/10623"}],"wp:featuredmedia":[{"embeddable":true,"href":"https:\/\/www.saloanoticias.com\/v1\/wp-json\/wp\/v2\/media\/10620"}],"wp:attachment":[{"href":"https:\/\/www.saloanoticias.com\/v1\/wp-json\/wp\/v2\/media?parent=10619"}],"wp:term":[{"taxonomy":"category","embeddable":true,"href":"https:\/\/www.saloanoticias.com\/v1\/wp-json\/wp\/v2\/categories?post=10619"},{"taxonomy":"post_tag","embeddable":true,"href":"https:\/\/www.saloanoticias.com\/v1\/wp-json\/wp\/v2\/tags?post=10619"}],"curies":[{"name":"wp","href":"https:\/\/api.w.org\/{rel}","templated":true}]}}